{"id":683,"date":"2015-01-20T14:49:57","date_gmt":"2015-01-20T13:49:57","guid":{"rendered":"http:\/\/denise-maurer.schriftgut.ch\/?p=683"},"modified":"2025-02-09T17:17:39","modified_gmt":"2025-02-09T15:17:39","slug":"neuer-text-kunst-eine-annaeherung-2","status":"publish","type":"post","link":"https:\/\/denise-maurer.schriftgut.ch\/?p=683","title":{"rendered":"Neuer Text | Kunst \u2013 eine Ann\u00e4herung"},"content":{"rendered":"<p>Ich glaube, dass es Menschen gibt, die eine K\u00fcnstlerInnenseele beherbergen und welche, die nicht. Das ist \u00e4hnlich, wie wenn jemand eine Affinit\u00e4t f\u00fcr Holz hat, der andere f\u00fcr Zahlen, die dritte f\u00fcr Zusammenh\u00e4nge. Irgendwann im Leben wurden bestimmte Areale im Hirn wohl diesbez\u00fcglich vermehrt stimuliert, meinte neulich mal eine Freundin. Maybe.<\/p>\n<p>Menschen mit K\u00fcnstlerInnenseelen nehmen, meiner These zufolge, die Umwelt aus einer Perspektive wahr, die sehr bewusst Erlebtes, Gedachtes, Geschehenes und Erfahrenes verdaut und schon in dieser Phase erkennt, wie dieses sich im Prozess Befindliche ausgedr\u00fcckt werden kann. Input-Output. Essen-Verdauen. Das Verdauen als zentraler Prozess \u2013 gar nicht mal so un\u00e4hnlich der Aufgabe der fr\u00fcheren Hofnarren: Transformation der Gegenwart, des Zeitgeistes, gesellschaftlich und politisch relevanter Themen. Kunst ist f\u00fcr mich auch das Erschaffen eines Abbildes der eigenen Wahrnehmung der Welt.<\/p>\n<p><strong><a href=\"https:\/\/denise-maurer.schriftgut.ch\/kunst\/kunst-fragen-antworten\/\">[weiterlesen: hier klicken]<\/a><\/strong><\/p>\n","protected":false},"excerpt":{"rendered":"<p>Ich glaube, dass es Menschen gibt, die eine K\u00fcnstlerInnenseele beherbergen und welche, die nicht. Das ist \u00e4hnlich, wie wenn jemand eine Affinit\u00e4t f\u00fcr Holz hat, der andere f\u00fcr Zahlen, die dritte f\u00fcr Zusammenh\u00e4nge. Irgendwann im Leben wurden bestimmte Areale im Hirn wohl diesbez\u00fcglich vermehrt stimuliert, meinte neulich mal eine Freundin. Maybe. Menschen mit K\u00fcnstlerInnenseelen nehmen,&#8230;<\/p>\n","protected":false},"author":1,"featured_media":0,"comment_status":"closed","ping_status":"open","sticky":false,"template":"","format":"standard","meta":{"jetpack_post_was_ever_published":false,"_jetpack_newsletter_access":"","_jetpack_dont_email_post_to_subs":false,"_jetpack_newsletter_tier_id":0,"_jetpack_memberships_contains_paywalled_content":false,"_jetpack_memberships_contains_paid_content":false,"footnotes":"","jetpack_publicize_message":"","jetpack_publicize_feature_enabled":true,"jetpack_social_post_already_shared":true,"jetpack_social_options":{"image_generator_settings":{"template":"highway","default_image_id":0,"font":"","enabled":false},"version":2}},"categories":[1],"tags":[6,4,5],"class_list":["post-683","post","type-post","status-publish","format-standard","hentry","category-allgemein","tag-gedanken","tag-kunst","tag-kunstschaffen"],"jetpack_publicize_connections":[],"jetpack_featured_media_url":"","jetpack_sharing_enabled":true,"jetpack_shortlink":"https:\/\/wp.me\/p5uejC-b1","jetpack-related-posts":[],"_links":{"self":[{"href":"https:\/\/denise-maurer.schriftgut.ch\/index.php?rest_route=\/wp\/v2\/posts\/683","targetHints":{"allow":["GET"]}}],"collection":[{"href":"https:\/\/denise-maurer.schriftgut.ch\/index.php?rest_route=\/wp\/v2\/posts"}],"about":[{"href":"https:\/\/denise-maurer.schriftgut.ch\/index.php?rest_route=\/wp\/v2\/types\/post"}],"author":[{"embeddable":true,"href":"https:\/\/denise-maurer.schriftgut.ch\/index.php?rest_route=\/wp\/v2\/users\/1"}],"replies":[{"embeddable":true,"href":"https:\/\/denise-maurer.schriftgut.ch\/index.php?rest_route=%2Fwp%2Fv2%2Fcomments&post=683"}],"version-history":[{"count":2,"href":"https:\/\/denise-maurer.schriftgut.ch\/index.php?rest_route=\/wp\/v2\/posts\/683\/revisions"}],"predecessor-version":[{"id":1515,"href":"https:\/\/denise-maurer.schriftgut.ch\/index.php?rest_route=\/wp\/v2\/posts\/683\/revisions\/1515"}],"wp:attachment":[{"href":"https:\/\/denise-maurer.schriftgut.ch\/index.php?rest_route=%2Fwp%2Fv2%2Fmedia&parent=683"}],"wp:term":[{"taxonomy":"category","embeddable":true,"href":"https:\/\/denise-maurer.schriftgut.ch\/index.php?rest_route=%2Fwp%2Fv2%2Fcategories&post=683"},{"taxonomy":"post_tag","embeddable":true,"href":"https:\/\/denise-maurer.schriftgut.ch\/index.php?rest_route=%2Fwp%2Fv2%2Ftags&post=683"}],"curies":[{"name":"wp","href":"https:\/\/api.w.org\/{rel}","templated":true}]}}